{"id":3425,"date":"2023-02-07T23:08:53","date_gmt":"2023-02-07T22:08:53","guid":{"rendered":"http:\/\/www.amiciinsieme.it\/?p=3425"},"modified":"2023-02-17T19:49:54","modified_gmt":"2023-02-17T18:49:54","slug":"cerimonia-di-premiazione-della-xvi-edizione-di-verso-i-versi","status":"publish","type":"post","link":"https:\/\/www.amiciinsieme.it\/index.php\/cerimonia-di-premiazione-della-xvi-edizione-di-verso-i-versi\/","title":{"rendered":"<strong>XVI Edizione del concorso di poesia \u201c<\/strong><em><strong>Verso i versi<\/strong><\/em><strong>\u201d Citt\u00e0 di Siano (SA) &#8211; SI RIPARTE !<\/strong>"},"content":{"rendered":"<div>\n<div>\n<p>Dopo il grande consenso ed il successo delle passate edizione, l\u2019associazione socio-culturale &#8220;Amici Insieme\u201d di Siano pubblica il bando della <strong>XVI edizione del concorso nazionale di poesia<\/strong> \u201cVerso i versi\u201d Citt\u00e0 di Siano (SA).<\/p>\n<p>Ormai entrato a far parte di un circuito di manifestazioni nazionali di tutto rispetto, il concorso, che ha visto la partecipazione di centinaia di liriche provenienti da tutta Italia e da oltre confine, ha il sostegno e premi di rappresentanza del <strong>Comune di Siano<\/strong>, della <strong>Provincia di Salerno<\/strong>, <strong>Ente Provinciale del Turismo di Salerno<\/strong>, <strong>Comunit\u00e0 Montana della Valle dell\u2019Irno<\/strong>, <strong>Consiglio Regionale della Campania<\/strong>, il Patrocinio del <strong>Ministero dei Beni e le Attivit\u00e0 Culturali<\/strong>, ed \u00e8 stato per le edizioni precedenti impreziosito, per le edizioni precedenti, dai premi di rappresentanza della <strong>Camera di Commercio di Salerno<\/strong>, della <strong>Presidenza del Senato della Repubblica<\/strong>, della <strong>Presidenza della Camera dei Deputati<\/strong>, dalla <strong>Presidenza del Presidente della Repubblica<\/strong>.<\/p>\n<p>Il concorso di poesia a tema libero \u00e8 articolato in un due sezioni:<\/p>\n<p><strong>Sezione A:<\/strong> poesia in lingua italiana<\/p>\n<p><strong>Sezione B:<\/strong> poesia in vernacolo<\/p>\n<p>Per saperne di pi\u00f9 sui tempi e modalit\u00e0 del concorso scarica il regolamento e la scheda di partecipazione. Invia la tua poesia entro il <strong>15 aprile 2023<\/strong>.<\/p>\n<\/div>\n<blockquote>\n<p>\u201c<em>La poesia \u00e8 la forza invisibile che ci permette ancora di meravigliarci e di provare stupore per la bellezza del mondo.<\/em>\u201d (Romano Battaglia)<\/p>\n<\/blockquote>\n<\/div>\n<p style=\"text-align: center;\"><a href=\"https:\/\/www.amiciinsieme.it\/wp-content\/uploads\/2023\/02\/REGOLAMENTO-SCHEDA-DI-PARTECIPAZIONE-2023.pdf\" target=\"_blank\" rel=\"noopener noreferrer\">REGOLAMENTO e SCHEDA DI PARTECIPAZIONE 2023 &#8211; PDF<\/a><\/p>\n<p style=\"text-align: center;\"><a href=\"https:\/\/www.amiciinsieme.it\/wp-content\/uploads\/2023\/02\/REGOLAMENTO-SCHEDA-DI-PARTECIPAZIONE-2023.doc\" target=\"_blank\" rel=\"noopener noreferrer\">REGOLAMENTO e SCHEDA DI PARTECIPAZIONE 2023 &#8211; DOC<\/a><\/p>\n<p>&nbsp;<\/p>\n<p>&nbsp;<\/p>\n\n\n<p><\/p>\n<div style=\"padding-bottom:20px; padding-top:10px;\" class=\"hupso-share-buttons\"><!-- Hupso Share Buttons - https:\/\/www.hupso.com\/share\/ --><a class=\"hupso_counters\" href=\"https:\/\/www.hupso.com\/share\/\"><img data-recalc-dims=\"1\" decoding=\"async\" src=\"https:\/\/i0.wp.com\/static.hupso.com\/share\/buttons\/lang\/it\/share-small.png?w=642&#038;ssl=1\" style=\"border:0px; padding-top:2px; float:left;\" alt=\"Share Button\"\/><\/a><script type=\"text\/javascript\">var hupso_services_c=new Array(\"twitter\",\"facebook_like\",\"facebook_send\");var hupso_counters_lang = \"it_IT\";var hupso_image_folder_url = \"\";var hupso_twitter_via=\"amiciinsieme\";var hupso_url_c=\"\";var hupso_title_c=\"XVI%20Edizione%20del%20concorso%20di%20poesia%20%E2%80%9CVerso%20i%20versi%E2%80%9D%20Citt%C3%A0%20di%20Siano%20%28SA%29%20-%20SI%20RIPARTE%20%21\";<\/script><script type=\"text\/javascript\" src=\"https:\/\/static.hupso.com\/share\/js\/counters.js\"><\/script><!-- Hupso Share Buttons --><\/div>","protected":false},"excerpt":{"rendered":"<p>Dopo il grande consenso ed il successo delle passate edizione, l\u2019associazione socio-culturale &#8220;Amici Insieme\u201d di Siano pubblica il bando della XVI edizione del concorso nazionale di poesia \u201cVerso i versi\u201d Citt\u00e0 di Siano (SA). Ormai entrato a far parte di un circuito di manifestazioni nazionali di tutto rispetto, il concorso, che ha visto la partecipazione di centinaia di liriche provenienti da tutta Italia e da oltre confine, ha il sostegno e premi di rappresentanza del Comune di Siano, della Provincia di Salerno, Ente Provinciale del Turismo di Salerno, Comunit\u00e0 Montana della Valle dell\u2019Irno, Consiglio Regionale della Campania, il Patrocinio del Ministero dei Beni e le Attivit\u00e0 Culturali, ed \u00e8 stato per le edizioni precedenti impreziosito, per le edizioni precedenti, dai premi di rappresentanza della Camera di Commercio di Salerno, della Presidenza del Senato della Repubblica, della Presidenza della Camera dei Deputati, dalla Presidenza del Presidente della Repubblica. Il concorso di poesia a tema libero \u00e8 articolato in un due sezioni: Sezione A: poesia in lingua italiana Sezione B: poesia in vernacolo Per saperne di pi\u00f9 sui tempi e modalit\u00e0 del concorso scarica il regolamento e la scheda di partecipazione. Invia la tua poesia entro il 15 aprile 2023. \u201cLa poesia &hellip; <a class=\"readmore\" href=\"https:\/\/www.amiciinsieme.it\/index.php\/cerimonia-di-premiazione-della-xvi-edizione-di-verso-i-versi\/\">Continua a leggere \u2192<\/a><\/p>\n<div style=\"padding-bottom:20px; padding-top:10px;\" class=\"hupso-share-buttons\"><!-- Hupso Share Buttons - https:\/\/www.hupso.com\/share\/ --><a class=\"hupso_counters\" href=\"https:\/\/www.hupso.com\/share\/\"><img src=\"https:\/\/static.hupso.com\/share\/buttons\/lang\/it\/share-small.png\" style=\"border:0px; padding-top:2px; float:left;\" alt=\"Share Button\"\/><\/a><script type=\"text\/javascript\">var hupso_services_c=new Array(\"twitter\",\"facebook_like\",\"facebook_send\");var hupso_counters_lang = \"it_IT\";var hupso_image_folder_url = \"\";var hupso_twitter_via=\"amiciinsieme\";var hupso_url_c=\"\";var hupso_title_c=\"XVI%20Edizione%20del%20concorso%20di%20poesia%20%E2%80%9CVerso%20i%20versi%E2%80%9D%20Citt%C3%A0%20di%20Siano%20%28SA%29%20-%20SI%20RIPARTE%20%21\";<\/script><script type=\"text\/javascript\" src=\"https:\/\/static.hupso.com\/share\/js\/counters.js\"><\/script><!-- Hupso Share Buttons --><\/div>","protected":false},"author":1,"featured_media":3323,"comment_status":"closed","ping_status":"open","sticky":true,"template":"","format":"standard","meta":{"ngg_post_thumbnail":0,"_jetpack_newsletter_access":"","_jetpack_dont_email_post_to_subs":false,"_jetpack_newsletter_tier_id":0,"_jetpack_memberships_contains_paywalled_content":false,"_jetpack_memberships_contains_paid_content":false,"footnotes":""},"categories":[8,5,6],"tags":[16,23,35,18,17,20],"class_list":["post-3425","post","type-post","status-publish","format-standard","has-post-thumbnail","hentry","category-concorso-di-poesia","category-homepage","category-manifestazioni","tag-amiciinsieme","tag-citta-di-siano","tag-concorso-di-poesia-2","tag-salerno","tag-siano","tag-verso-i-versi"],"jetpack_featured_media_url":"https:\/\/i0.wp.com\/www.amiciinsieme.it\/wp-content\/uploads\/2022\/09\/DSC9910-scaled.jpg?fit=2560%2C1728&ssl=1","jetpack_sharing_enabled":true,"jetpack_shortlink":"https:\/\/wp.me\/p91vVa-Tf","jetpack-related-posts":[],"_links":{"self":[{"href":"https:\/\/www.amiciinsieme.it\/index.php\/wp-json\/wp\/v2\/posts\/3425"}],"collection":[{"href":"https:\/\/www.amiciinsieme.it\/index.php\/wp-json\/wp\/v2\/posts"}],"about":[{"href":"https:\/\/www.amiciinsieme.it\/index.php\/wp-json\/wp\/v2\/types\/post"}],"author":[{"embeddable":true,"href":"https:\/\/www.amiciinsieme.it\/index.php\/wp-json\/wp\/v2\/users\/1"}],"replies":[{"embeddable":true,"href":"https:\/\/www.amiciinsieme.it\/index.php\/wp-json\/wp\/v2\/comments?post=3425"}],"version-history":[{"count":4,"href":"https:\/\/www.amiciinsieme.it\/index.php\/wp-json\/wp\/v2\/posts\/3425\/revisions"}],"predecessor-version":[{"id":3434,"href":"https:\/\/www.amiciinsieme.it\/index.php\/wp-json\/wp\/v2\/posts\/3425\/revisions\/3434"}],"wp:featuredmedia":[{"embeddable":true,"href":"https:\/\/www.amiciinsieme.it\/index.php\/wp-json\/wp\/v2\/media\/3323"}],"wp:attachment":[{"href":"https:\/\/www.amiciinsieme.it\/index.php\/wp-json\/wp\/v2\/media?parent=3425"}],"wp:term":[{"taxonomy":"category","embeddable":true,"href":"https:\/\/www.amiciinsieme.it\/index.php\/wp-json\/wp\/v2\/categories?post=3425"},{"taxonomy":"post_tag","embeddable":true,"href":"https:\/\/www.amiciinsieme.it\/index.php\/wp-json\/wp\/v2\/tags?post=3425"}],"curies":[{"name":"wp","href":"https:\/\/api.w.org\/{rel}","templated":true}]}}