{"id":478,"date":"2013-09-20T15:00:15","date_gmt":"2013-09-20T13:00:15","guid":{"rendered":"http:\/\/www.amiciinsieme.it\/?p=478"},"modified":"2013-10-18T00:31:07","modified_gmt":"2013-10-17T22:31:07","slug":"viii-edizione-concorso-poesia-verso-i-versi-citta-siano-sa-premiazione-2","status":"publish","type":"post","link":"https:\/\/www.amiciinsieme.it\/index.php\/viii-edizione-concorso-poesia-verso-i-versi-citta-siano-sa-premiazione-2\/","title":{"rendered":"VIII edizione concorso di poesia &#8220;Verso i versi&#8221; Citt\u00e0 di Siano (SA) \u2013 Premiazione"},"content":{"rendered":"<p><strong>SIANO<\/strong> \u2013 Presso l\u2019atrio di <strong>Palazzo Donnarumma<\/strong>, sabato scorso <strong>7 settembre<\/strong> a Siano, alla presenza di tantissime persone si \u00e8 tenuta la cerimonia di premiazione della VIII edizione del concorso nazionale di poesia <em>\u201cVerso i versi\u201d Citt\u00e0 di Siano (SA)<\/em> organizzato dall\u2019Associazione socio culturale\u201cAmici Insieme\u201d.<\/p>\n<p><em><\/p>\n<p>\n\u201cSiamo soddisfatti del successo di questa ottava edizione del concorso e della serata vista la presenza di tante persone che attendevano questo appuntamento di fine estate. Puntiamo a crescere ancora perch\u00e8 riteniamo che la cultura sia un pilastro insostituibile in una societ\u00e0 pi\u00f9 giusta e pi\u00f9 libera.\u201d. <\/p>\n<p><\/em><\/p>\n<p>Queste le parole iniziali, che accompagnano i saluti di <strong>Andrea Riccio<\/strong>, <em>Presidente dell\u2019associazione<\/em>, che da dieci anni insieme a tanti giovani collaboratori, che durante la cerimonia ha pi\u00f9 volte ringraziato, sta contribuendo con professionalit\u00e0 alla crescita socio-culturale, al rilancio e alla promozione di Siano. <\/p>\n<p style=\"text-align: right;\"><em><a title=\"Concorso di Poesia \u2013 \u201cVerso i versi\u201d \u2013 2013\" href=\"https:\/\/www.amiciinsieme.it\/index.php\/albo-doro-concorso-di-poesia-verso-i-versi\/concorso-poesia-verso-i-versi-2013\/\">continua la lettura<\/a><br \/><\/em><\/p>\n<div style=\"padding-bottom:20px; padding-top:10px;\" class=\"hupso-share-buttons\"><!-- Hupso Share Buttons - https:\/\/www.hupso.com\/share\/ --><a class=\"hupso_counters\" href=\"https:\/\/www.hupso.com\/share\/\"><img data-recalc-dims=\"1\" decoding=\"async\" src=\"https:\/\/i0.wp.com\/static.hupso.com\/share\/buttons\/lang\/it\/share-small.png?w=642&#038;ssl=1\" style=\"border:0px; padding-top:2px; float:left;\" alt=\"Share Button\"\/><\/a><script type=\"text\/javascript\">var hupso_services_c=new Array(\"twitter\",\"facebook_like\",\"facebook_send\");var hupso_counters_lang = \"it_IT\";var hupso_image_folder_url = \"\";var hupso_twitter_via=\"amiciinsieme\";var hupso_url_c=\"\";var hupso_title_c=\"VIII%20edizione%20concorso%20di%20poesia%20%22Verso%20i%20versi%22%20Citt%C3%A0%20di%20Siano%20%28SA%29%20%E2%80%93%20Premiazione\";<\/script><script type=\"text\/javascript\" src=\"https:\/\/static.hupso.com\/share\/js\/counters.js\"><\/script><!-- Hupso Share Buttons --><\/div>","protected":false},"excerpt":{"rendered":"<p>SIANO \u2013 Presso l\u2019atrio di Palazzo Donnarumma, sabato scorso 7 settembre a Siano, alla presenza di tantissime persone si \u00e8 tenuta la cerimonia di premiazione della VIII edizione del concorso nazionale di poesia \u201cVerso i versi\u201d Citt\u00e0 di Siano (SA) organizzato dall\u2019Associazione socio culturale\u201cAmici Insieme\u201d. \u201cSiamo soddisfatti del successo di questa ottava edizione del concorso e della serata vista la presenza di tante persone che attendevano questo appuntamento di fine estate. Puntiamo a crescere ancora perch\u00e8 riteniamo che la cultura sia un pilastro insostituibile in una societ\u00e0 pi\u00f9 giusta e pi\u00f9 libera.\u201d. Queste le parole iniziali, che accompagnano i saluti di Andrea Riccio, Presidente dell\u2019associazione, che da dieci anni insieme a tanti giovani collaboratori, che durante la cerimonia ha pi\u00f9 volte ringraziato, sta contribuendo con professionalit\u00e0 alla crescita socio-culturale, al rilancio e alla promozione di Siano. continua la lettura<\/p>\n<div style=\"padding-bottom:20px; padding-top:10px;\" class=\"hupso-share-buttons\"><!-- Hupso Share Buttons - https:\/\/www.hupso.com\/share\/ --><a class=\"hupso_counters\" href=\"https:\/\/www.hupso.com\/share\/\"><img src=\"https:\/\/static.hupso.com\/share\/buttons\/lang\/it\/share-small.png\" style=\"border:0px; padding-top:2px; float:left;\" alt=\"Share Button\"\/><\/a><script type=\"text\/javascript\">var hupso_services_c=new Array(\"twitter\",\"facebook_like\",\"facebook_send\");var hupso_counters_lang = \"it_IT\";var hupso_image_folder_url = \"\";var hupso_twitter_via=\"amiciinsieme\";var hupso_url_c=\"\";var hupso_title_c=\"VIII%20edizione%20concorso%20di%20poesia%20%22Verso%20i%20versi%22%20Citt%C3%A0%20di%20Siano%20%28SA%29%20%E2%80%93%20Premiazione\";<\/script><script type=\"text\/javascript\" src=\"https:\/\/static.hupso.com\/share\/js\/counters.js\"><\/script><!-- Hupso Share Buttons --><\/div>","protected":false},"author":1,"featured_media":500,"comment_status":"closed","ping_status":"open","sticky":false,"template":"","format":"standard","meta":{"ngg_post_thumbnail":0,"_jetpack_newsletter_access":"","_jetpack_dont_email_post_to_subs":false,"_jetpack_newsletter_tier_id":0,"_jetpack_memberships_contains_paywalled_content":false,"_jetpack_memberships_contains_paid_content":false,"footnotes":""},"categories":[8,5,6],"tags":[16,23,35,36,18,20,34],"class_list":["post-478","post","type-post","status-publish","format-standard","has-post-thumbnail","hentry","category-concorso-di-poesia","category-homepage","category-manifestazioni","tag-amiciinsieme","tag-citta-di-siano","tag-concorso-di-poesia-2","tag-palazzo-donnarumma","tag-salerno","tag-verso-i-versi","tag-vii-edizione"],"jetpack_featured_media_url":"https:\/\/i0.wp.com\/www.amiciinsieme.it\/wp-content\/uploads\/ngg_featured\/dpp_4472.jpg?fit=800%2C533&ssl=1","jetpack_sharing_enabled":true,"jetpack_shortlink":"https:\/\/wp.me\/p91vVa-7I","jetpack-related-posts":[],"_links":{"self":[{"href":"https:\/\/www.amiciinsieme.it\/index.php\/wp-json\/wp\/v2\/posts\/478"}],"collection":[{"href":"https:\/\/www.amiciinsieme.it\/index.php\/wp-json\/wp\/v2\/posts"}],"about":[{"href":"https:\/\/www.amiciinsieme.it\/index.php\/wp-json\/wp\/v2\/types\/post"}],"author":[{"embeddable":true,"href":"https:\/\/www.amiciinsieme.it\/index.php\/wp-json\/wp\/v2\/users\/1"}],"replies":[{"embeddable":true,"href":"https:\/\/www.amiciinsieme.it\/index.php\/wp-json\/wp\/v2\/comments?post=478"}],"version-history":[{"count":4,"href":"https:\/\/www.amiciinsieme.it\/index.php\/wp-json\/wp\/v2\/posts\/478\/revisions"}],"predecessor-version":[{"id":480,"href":"https:\/\/www.amiciinsieme.it\/index.php\/wp-json\/wp\/v2\/posts\/478\/revisions\/480"}],"wp:featuredmedia":[{"embeddable":true,"href":"https:\/\/www.amiciinsieme.it\/index.php\/wp-json\/wp\/v2\/media\/500"}],"wp:attachment":[{"href":"https:\/\/www.amiciinsieme.it\/index.php\/wp-json\/wp\/v2\/media?parent=478"}],"wp:term":[{"taxonomy":"category","embeddable":true,"href":"https:\/\/www.amiciinsieme.it\/index.php\/wp-json\/wp\/v2\/categories?post=478"},{"taxonomy":"post_tag","embeddable":true,"href":"https:\/\/www.amiciinsieme.it\/index.php\/wp-json\/wp\/v2\/tags?post=478"}],"curies":[{"name":"wp","href":"https:\/\/api.w.org\/{rel}","templated":true}]}}